{"id":821,"date":"2015-06-09T18:01:30","date_gmt":"2015-06-09T17:09:57","guid":{"rendered":"http:\/\/www.nina-sh.de\/?p=821"},"modified":"2015-06-09T17:11:14","modified_gmt":"2015-06-09T17:11:14","slug":"gemeinsam-erfolgreich-einrichtung-der-koordinierungsstelle-nanotechnologie","status":"publish","type":"post","link":"https:\/\/www.nina-sh.de\/?p=821","title":{"rendered":"Gemeinsam erfolgreich &#8211; Einrichtung der &#8222;Koordinierungsstelle Nanotechnologie&#8220;"},"content":{"rendered":"<p><em>Die Norddeutsche Initiative Nanotechnologie Schleswig-Holstein e.V. erh\u00e4lt den F\u00f6rderbescheid \u00fcber 326.400 Euro zur Einrichtung der Koordinierungsstelle Nanotechnologie.<\/em><\/p>\n<p><!--more--><\/p>\n<p>F\u00fcr Schleswig-Holstein birgt die angewandte Nanotechnologie gro\u00dfes wirtschaftliches und technologisches Entwicklungspotenzial. Zu dessen Nutzung ist jedoch eine starke regionale, internationale und branchen\u00fcbergreifende Vernetzung aller Akteure n\u00f6tig. Daher hat das Ministerium f\u00fcr Wirtschaft, Arbeit, Verkehr und Technologie (MWAVT) im Rahmen eines \u00f6ffentlichen F\u00f6rderprojekts die NINa SH e.V. mit der Einrichtung einer \u201eKoordinierungsstelle Nanotechnologie\u201c beauftragt.<\/p>\n<p>Dr. Hans-Hartmut Euler, Leiter der Abteilung Technologie, Tourismus und Verbraucherschutz des MWAVT, \u00fcberreichte am 27. M\u00e4rz den F\u00f6rderbescheid im Rahmen eines Schwerpunkttreffens von NINa. Das Projekt erh\u00e4lt vom Land Schleswig-Holstein Zuwendungen zur F\u00f6rderung von Forschung, Entwicklung und Technologietransfer in H\u00f6he von 326.400 Euro.<\/p>\n<p>&#8222;Die Koordinierungsstelle wird ein zentraler Ansprechpartner f\u00fcr alle Akteure der Nanotechnologie in Schleswig-Holstein&#8220;, freut sich Professor Franz Faupel, der als Vorstandsvorsitzender von NINa ma\u00dfgeblich an der Beantragung des Projekts beteiligt war. Des Weiteren vertritt die Koordinierungsstelle die Nanotechnologieakteure Schleswig-Holsteins in \u00fcberregionalen Organisationen auf Bundes- und EU-Ebene. Ein zentrales Ziel der Koordinierungsstelle ist die \u00fcberregionale und branchen\u00fcbergreifende Vernetzung der schleswig-holsteinischen Akteure. &#8222;Wir legen gro\u00dfen Wert auf die Einbeziehung anderer norddeutscher Netzwerke und der Ostseeanrainerstaaten&#8220;, erkl\u00e4rt Professor Faupel.<\/p>\n<figure style=\"width: 474px\" class=\"wp-caption alignleft\"><img fetchpriority=\"high\" decoding=\"async\" src=\"https:\/\/www.nina-sh.de\/wp-content\/uploads\/2015\/06\/150327_Bescheid\u00fcbergabe_2800px-1024x804.jpg\" width=\"474\" height=\"372\" class=\"aligncenter size-large wp-image-822\" srcset=\"https:\/\/www.nina-sh.de\/wp-content\/uploads\/2015\/06\/150327_Bescheid\u00fcbergabe_2800px-1024x804.jpg 1024w, https:\/\/www.nina-sh.de\/wp-content\/uploads\/2015\/06\/150327_Bescheid\u00fcbergabe_2800px-300x236.jpg 300w\" sizes=\"(max-width: 474px) 100vw, 474px\" \/><figcaption class=\"wp-caption-text\">Dr. Hans-Hartmut Euler \u00fcberreicht den F\u00f6rderbescheid an den Vorstand der Norddeutschen Initiative Nanotechnologie Schleswig-Holstein e.V..<br \/>\nv.l.n.r: Dr. Rainer D\u00f6hl-Oelze (2. Vorsitzender des Vorstands), Dr. Hans-Hartmut Euler (MWAVT), Prof. Dr. Franz Faupel (Vorstandsvorsitzender), Dr. Jens Urny (Schatzmeister) und Prof. Dr. Rainer Herges (Gastgeber, CAU Kiel). \u00a9 Schimmelpfennig\/CAU<\/figcaption><\/figure>\n","protected":false},"excerpt":{"rendered":"<p>Die Norddeutsche Initiative Nanotechnologie Schleswig-Holstein e.V. erh\u00e4lt den F\u00f6rderbescheid \u00fcber 326.400 Euro zur Einrichtung der Koordinierungsstelle Nanotechnologie.<\/p>\n","protected":false},"author":1,"featured_media":0,"comment_status":"closed","ping_status":"closed","sticky":false,"template":"","format":"standard","meta":{"footnotes":""},"categories":[2],"tags":[],"class_list":["post-821","post","type-post","status-publish","format-standard","hentry","category-aktuelles"],"yoast_head":"<!-- This site is optimized with the Yoast SEO plugin v27.3 - https:\/\/yoast.com\/product\/yoast-seo-wordpress\/ -->\n<title>Gemeinsam erfolgreich - Einrichtung der &quot;Koordinierungsstelle Nanotechnologie&quot; - NINa e.V.<\/title>\n<meta name=\"robots\" content=\"index, follow, max-snippet:-1, max-image-preview:large, max-video-preview:-1\" \/>\n<link rel=\"canonical\" href=\"https:\/\/www.nina-sh.de\/?p=821\" \/>\n<meta property=\"og:locale\" content=\"de_DE\" \/>\n<meta property=\"og:type\" content=\"article\" \/>\n<meta property=\"og:title\" content=\"Gemeinsam erfolgreich - Einrichtung der &quot;Koordinierungsstelle Nanotechnologie&quot; - NINa e.V.\" \/>\n<meta property=\"og:description\" content=\"Die Norddeutsche Initiative Nanotechnologie Schleswig-Holstein e.V. erh\u00e4lt den F\u00f6rderbescheid \u00fcber 326.400 Euro zur Einrichtung der Koordinierungsstelle Nanotechnologie.\" \/>\n<meta property=\"og:url\" content=\"https:\/\/www.nina-sh.de\/?p=821\" \/>\n<meta property=\"og:site_name\" content=\"NINa e.V.\" \/>\n<meta property=\"article:published_time\" content=\"2015-06-09T17:09:57+00:00\" \/>\n<meta property=\"article:modified_time\" content=\"2015-06-09T17:11:14+00:00\" \/>\n<meta name=\"author\" content=\"Admin\" \/>\n<meta name=\"twitter:card\" content=\"summary_large_image\" \/>\n<meta name=\"twitter:label1\" content=\"Verfasst von\" \/>\n\t<meta name=\"twitter:data1\" content=\"Admin\" \/>\n\t<meta name=\"twitter:label2\" content=\"Gesch\u00e4tzte Lesezeit\" \/>\n\t<meta name=\"twitter:data2\" content=\"1\u00a0Minute\" \/>\n<script type=\"application\/ld+json\" class=\"yoast-schema-graph\">{\"@context\":\"https:\\\/\\\/schema.org\",\"@graph\":[{\"@type\":\"Article\",\"@id\":\"https:\\\/\\\/www.nina-sh.de\\\/?p=821#article\",\"isPartOf\":{\"@id\":\"https:\\\/\\\/www.nina-sh.de\\\/?p=821\"},\"author\":{\"name\":\"Admin\",\"@id\":\"https:\\\/\\\/www.nina-sh.de\\\/#\\\/schema\\\/person\\\/64529707ca8a9ae251938fab01bf2a81\"},\"headline\":\"Gemeinsam erfolgreich &#8211; Einrichtung der &#8222;Koordinierungsstelle Nanotechnologie&#8220;\",\"datePublished\":\"2015-06-09T17:09:57+00:00\",\"dateModified\":\"2015-06-09T17:11:14+00:00\",\"mainEntityOfPage\":{\"@id\":\"https:\\\/\\\/www.nina-sh.de\\\/?p=821\"},\"wordCount\":269,\"publisher\":{\"@id\":\"https:\\\/\\\/www.nina-sh.de\\\/#organization\"},\"articleSection\":[\"Aktuelles\"],\"inLanguage\":\"de\"},{\"@type\":\"WebPage\",\"@id\":\"https:\\\/\\\/www.nina-sh.de\\\/?p=821\",\"url\":\"https:\\\/\\\/www.nina-sh.de\\\/?p=821\",\"name\":\"Gemeinsam erfolgreich - Einrichtung der \\\"Koordinierungsstelle Nanotechnologie\\\" - NINa e.V.\",\"isPartOf\":{\"@id\":\"https:\\\/\\\/www.nina-sh.de\\\/#website\"},\"datePublished\":\"2015-06-09T17:09:57+00:00\",\"dateModified\":\"2015-06-09T17:11:14+00:00\",\"breadcrumb\":{\"@id\":\"https:\\\/\\\/www.nina-sh.de\\\/?p=821#breadcrumb\"},\"inLanguage\":\"de\",\"potentialAction\":[{\"@type\":\"ReadAction\",\"target\":[\"https:\\\/\\\/www.nina-sh.de\\\/?p=821\"]}]},{\"@type\":\"BreadcrumbList\",\"@id\":\"https:\\\/\\\/www.nina-sh.de\\\/?p=821#breadcrumb\",\"itemListElement\":[{\"@type\":\"ListItem\",\"position\":1,\"name\":\"Startseite\",\"item\":\"https:\\\/\\\/www.nina-sh.de\\\/?page_id=9\"},{\"@type\":\"ListItem\",\"position\":2,\"name\":\"Gemeinsam erfolgreich &#8211; Einrichtung der &#8222;Koordinierungsstelle Nanotechnologie&#8220;\"}]},{\"@type\":\"WebSite\",\"@id\":\"https:\\\/\\\/www.nina-sh.de\\\/#website\",\"url\":\"https:\\\/\\\/www.nina-sh.de\\\/\",\"name\":\"NINa e.V.\",\"description\":\"\",\"publisher\":{\"@id\":\"https:\\\/\\\/www.nina-sh.de\\\/#organization\"},\"potentialAction\":[{\"@type\":\"SearchAction\",\"target\":{\"@type\":\"EntryPoint\",\"urlTemplate\":\"https:\\\/\\\/www.nina-sh.de\\\/?s={search_term_string}\"},\"query-input\":{\"@type\":\"PropertyValueSpecification\",\"valueRequired\":true,\"valueName\":\"search_term_string\"}}],\"inLanguage\":\"de\"},{\"@type\":\"Organization\",\"@id\":\"https:\\\/\\\/www.nina-sh.de\\\/#organization\",\"name\":\"NINa e.V.\",\"url\":\"https:\\\/\\\/www.nina-sh.de\\\/\",\"logo\":{\"@type\":\"ImageObject\",\"inLanguage\":\"de\",\"@id\":\"https:\\\/\\\/www.nina-sh.de\\\/#\\\/schema\\\/logo\\\/image\\\/\",\"url\":\"https:\\\/\\\/www.nina-sh.de\\\/wp-content\\\/uploads\\\/2024\\\/10\\\/Logo_NINa-EU_var1-scaled.jpg\",\"contentUrl\":\"https:\\\/\\\/www.nina-sh.de\\\/wp-content\\\/uploads\\\/2024\\\/10\\\/Logo_NINa-EU_var1-scaled.jpg\",\"width\":2560,\"height\":805,\"caption\":\"NINa e.V.\"},\"image\":{\"@id\":\"https:\\\/\\\/www.nina-sh.de\\\/#\\\/schema\\\/logo\\\/image\\\/\"}},{\"@type\":\"Person\",\"@id\":\"https:\\\/\\\/www.nina-sh.de\\\/#\\\/schema\\\/person\\\/64529707ca8a9ae251938fab01bf2a81\",\"name\":\"Admin\",\"url\":\"https:\\\/\\\/www.nina-sh.de\\\/?author=1\"}]}<\/script>\n<!-- \/ Yoast SEO plugin. -->","yoast_head_json":{"title":"Gemeinsam erfolgreich - Einrichtung der \"Koordinierungsstelle Nanotechnologie\" - NINa e.V.","robots":{"index":"index","follow":"follow","max-snippet":"max-snippet:-1","max-image-preview":"max-image-preview:large","max-video-preview":"max-video-preview:-1"},"canonical":"https:\/\/www.nina-sh.de\/?p=821","og_locale":"de_DE","og_type":"article","og_title":"Gemeinsam erfolgreich - Einrichtung der \"Koordinierungsstelle Nanotechnologie\" - NINa e.V.","og_description":"Die Norddeutsche Initiative Nanotechnologie Schleswig-Holstein e.V. erh\u00e4lt den F\u00f6rderbescheid \u00fcber 326.400 Euro zur Einrichtung der Koordinierungsstelle Nanotechnologie.","og_url":"https:\/\/www.nina-sh.de\/?p=821","og_site_name":"NINa e.V.","article_published_time":"2015-06-09T17:09:57+00:00","article_modified_time":"2015-06-09T17:11:14+00:00","author":"Admin","twitter_card":"summary_large_image","twitter_misc":{"Verfasst von":"Admin","Gesch\u00e4tzte Lesezeit":"1\u00a0Minute"},"schema":{"@context":"https:\/\/schema.org","@graph":[{"@type":"Article","@id":"https:\/\/www.nina-sh.de\/?p=821#article","isPartOf":{"@id":"https:\/\/www.nina-sh.de\/?p=821"},"author":{"name":"Admin","@id":"https:\/\/www.nina-sh.de\/#\/schema\/person\/64529707ca8a9ae251938fab01bf2a81"},"headline":"Gemeinsam erfolgreich &#8211; Einrichtung der &#8222;Koordinierungsstelle Nanotechnologie&#8220;","datePublished":"2015-06-09T17:09:57+00:00","dateModified":"2015-06-09T17:11:14+00:00","mainEntityOfPage":{"@id":"https:\/\/www.nina-sh.de\/?p=821"},"wordCount":269,"publisher":{"@id":"https:\/\/www.nina-sh.de\/#organization"},"articleSection":["Aktuelles"],"inLanguage":"de"},{"@type":"WebPage","@id":"https:\/\/www.nina-sh.de\/?p=821","url":"https:\/\/www.nina-sh.de\/?p=821","name":"Gemeinsam erfolgreich - Einrichtung der \"Koordinierungsstelle Nanotechnologie\" - NINa e.V.","isPartOf":{"@id":"https:\/\/www.nina-sh.de\/#website"},"datePublished":"2015-06-09T17:09:57+00:00","dateModified":"2015-06-09T17:11:14+00:00","breadcrumb":{"@id":"https:\/\/www.nina-sh.de\/?p=821#breadcrumb"},"inLanguage":"de","potentialAction":[{"@type":"ReadAction","target":["https:\/\/www.nina-sh.de\/?p=821"]}]},{"@type":"BreadcrumbList","@id":"https:\/\/www.nina-sh.de\/?p=821#breadcrumb","itemListElement":[{"@type":"ListItem","position":1,"name":"Startseite","item":"https:\/\/www.nina-sh.de\/?page_id=9"},{"@type":"ListItem","position":2,"name":"Gemeinsam erfolgreich &#8211; Einrichtung der &#8222;Koordinierungsstelle Nanotechnologie&#8220;"}]},{"@type":"WebSite","@id":"https:\/\/www.nina-sh.de\/#website","url":"https:\/\/www.nina-sh.de\/","name":"NINa e.V.","description":"","publisher":{"@id":"https:\/\/www.nina-sh.de\/#organization"},"potentialAction":[{"@type":"SearchAction","target":{"@type":"EntryPoint","urlTemplate":"https:\/\/www.nina-sh.de\/?s={search_term_string}"},"query-input":{"@type":"PropertyValueSpecification","valueRequired":true,"valueName":"search_term_string"}}],"inLanguage":"de"},{"@type":"Organization","@id":"https:\/\/www.nina-sh.de\/#organization","name":"NINa e.V.","url":"https:\/\/www.nina-sh.de\/","logo":{"@type":"ImageObject","inLanguage":"de","@id":"https:\/\/www.nina-sh.de\/#\/schema\/logo\/image\/","url":"https:\/\/www.nina-sh.de\/wp-content\/uploads\/2024\/10\/Logo_NINa-EU_var1-scaled.jpg","contentUrl":"https:\/\/www.nina-sh.de\/wp-content\/uploads\/2024\/10\/Logo_NINa-EU_var1-scaled.jpg","width":2560,"height":805,"caption":"NINa e.V."},"image":{"@id":"https:\/\/www.nina-sh.de\/#\/schema\/logo\/image\/"}},{"@type":"Person","@id":"https:\/\/www.nina-sh.de\/#\/schema\/person\/64529707ca8a9ae251938fab01bf2a81","name":"Admin","url":"https:\/\/www.nina-sh.de\/?author=1"}]}},"_links":{"self":[{"href":"https:\/\/www.nina-sh.de\/index.php?rest_route=\/wp\/v2\/posts\/821","targetHints":{"allow":["GET"]}}],"collection":[{"href":"https:\/\/www.nina-sh.de\/index.php?rest_route=\/wp\/v2\/posts"}],"about":[{"href":"https:\/\/www.nina-sh.de\/index.php?rest_route=\/wp\/v2\/types\/post"}],"author":[{"embeddable":true,"href":"https:\/\/www.nina-sh.de\/index.php?rest_route=\/wp\/v2\/users\/1"}],"replies":[{"embeddable":true,"href":"https:\/\/www.nina-sh.de\/index.php?rest_route=%2Fwp%2Fv2%2Fcomments&post=821"}],"version-history":[{"count":4,"href":"https:\/\/www.nina-sh.de\/index.php?rest_route=\/wp\/v2\/posts\/821\/revisions"}],"predecessor-version":[{"id":827,"href":"https:\/\/www.nina-sh.de\/index.php?rest_route=\/wp\/v2\/posts\/821\/revisions\/827"}],"wp:attachment":[{"href":"https:\/\/www.nina-sh.de\/index.php?rest_route=%2Fwp%2Fv2%2Fmedia&parent=821"}],"wp:term":[{"taxonomy":"category","embeddable":true,"href":"https:\/\/www.nina-sh.de\/index.php?rest_route=%2Fwp%2Fv2%2Fcategories&post=821"},{"taxonomy":"post_tag","embeddable":true,"href":"https:\/\/www.nina-sh.de\/index.php?rest_route=%2Fwp%2Fv2%2Ftags&post=821"}],"curies":[{"name":"wp","href":"https:\/\/api.w.org\/{rel}","templated":true}]}}