{"id":1482,"date":"2017-10-05T19:35:59","date_gmt":"2017-10-05T19:35:59","guid":{"rendered":"http:\/\/www.nina-sh.de\/?p=1482"},"modified":"2017-11-17T14:01:18","modified_gmt":"2017-11-17T14:01:18","slug":"gemeinsam-in-die-zukunft-rueckblick-parlamentarischer-abend","status":"publish","type":"post","link":"https:\/\/www.nina-sh.de\/?p=1482","title":{"rendered":"Gemeinsam in die Zukunft: R\u00fcckblick Parlamentarischer Abend"},"content":{"rendered":"<p><em>Die Norddeutsche Initiative Nanotechnologie Schleswig-Holstein (NINa SH) lud am 19.07.2017 zum interdisziplin\u00e4ren Netzwerkabend. Es herrschte unter den hochrangigen Vertretern von Politik, Wirtschaft und Forschung Einigkeit: Die Nanotechnologie ist f\u00fcr die Zukunftsf\u00e4higkeit Schleswig-Holsteins von enormer Bedeutung. Ein entscheidender Erfolgsfaktor ist die effektive Koordination der Innovationst\u00e4tigkeiten im Land.<\/em><\/p>\n<p>Professor Dr. Franz Faupel, Vorstandsvorsitzender der NINa SH, findet klare Worte: &#8222;Die Nanotechnologie geh\u00f6rt weltweit zu den wichtigsten Zukunftstechnologien, bei der Schleswig-Holstein den Anschluss nicht verpassen darf. In dem rauen globalen Wettbewerb kann das Land nur bestehen, wenn es die Akteure im Bereich der Nanotechnologie untereinander und mit dem gesamten baltischen Raum effektiv vernetzt.&#8220;<br \/>\nDie Akteure selbst sehen das genauso, wie die rege Teilnahme an der Veranstaltung verdeutlicht. Dr. Christian Ohrt ist zufrieden: &#8222;Die hohe Teilnehmerzahl am Parlamentarischen Abend zeigt wie lebendig das Netzwerk ist.&#8220;<br \/>\nDas Programm des Abends entsprach der Vielseitigkeit der Nanotechnologie: Hochrangige Experten referierten \u00fcber verschiedenste wissenschaftliche Forschungsans\u00e4tze, \u00fcber die wirtschaftliche Verwertung des Know-Hows, bis hin zur politischen Vision der Landesentwicklung.<br \/>\nDer Technologie-Referatsleiter Wolfgang-Dieter Glanz des Ministeriums f\u00fcr Wirtschaft, Verkehr, Arbeit, Technologie und Tourismus bekundete in der Podiumsdiskussion mit Professor Faupel, dass die Politik die Bedeutung der Nanotechnologie f\u00fcr das Land erkannt hat und entsprechend gro\u00dfes Interesse daran hat, g\u00fcnstige Bedingungen f\u00fcr die weitere Entwicklung des Sektors zu schaffen.<\/p>\n<p><a href=\"https:\/\/www.nina-sh.de\/wp-content\/uploads\/2017\/10\/P1000119-e1507231873785.jpg\"><img fetchpriority=\"high\" decoding=\"async\" class=\"alignleft size-large wp-image-1486\" src=\"https:\/\/www.nina-sh.de\/wp-content\/uploads\/2017\/10\/P1000119-e1507231834379-1024x772.jpg\" alt=\"Podiumsdiskussion_Faupel-Glanz\" width=\"474\" height=\"357\" \/><\/a><\/p>\n<p>Neben den informativen Vortr\u00e4gen folgten beim abschlie\u00dfenden Netzwerkabend auch konkrete Taten. Der rege Dialog zwischen den Vertretern von Politik, Wirtschaft und Forschung verdeutlichte das Interesse am Austausch und rundete die gelungen Veranstaltung als weiterer Schritt der interdisziplin\u00e4ren Vernetzung der schleswig-holsteinischen Nanoszene ab.<\/p>\n","protected":false},"excerpt":{"rendered":"<p>Die Norddeutsche Initiative Nanotechnologie Schleswig-Holstein (NINa SH) lud am 19.07.2017 zum interdisziplin\u00e4ren Netzwerkabend. Es herrschte unter den hochrangigen Vertretern von Politik, Wirtschaft und Forschung Einigkeit: Die Nanotechnologie ist f\u00fcr die Zukunftsf\u00e4higkeit Schleswig-Holsteins von enormer Bedeutung. Ein entscheidender Erfolgsfaktor ist die effektive Koordination der Innovationst\u00e4tigkeiten im Land. Professor Dr. Franz Faupel, Vorstandsvorsitzender der NINa SH, findet [&hellip;]<\/p>\n","protected":false},"author":1,"featured_media":0,"comment_status":"closed","ping_status":"closed","sticky":false,"template":"","format":"standard","meta":{"footnotes":""},"categories":[2,91,1,10],"tags":[],"class_list":["post-1482","post","type-post","status-publish","format-standard","hentry","category-aktuelles","category-aktuelleshp","category-uncategorized","category-workshop"],"yoast_head":"<!-- This site is optimized with the Yoast SEO plugin v27.3 - https:\/\/yoast.com\/product\/yoast-seo-wordpress\/ -->\n<title>Gemeinsam in die Zukunft: R\u00fcckblick Parlamentarischer Abend - NINa e.V.<\/title>\n<meta name=\"robots\" content=\"index, follow, max-snippet:-1, max-image-preview:large, max-video-preview:-1\" \/>\n<link rel=\"canonical\" href=\"https:\/\/www.nina-sh.de\/?p=1482\" \/>\n<meta property=\"og:locale\" content=\"de_DE\" \/>\n<meta property=\"og:type\" content=\"article\" \/>\n<meta property=\"og:title\" content=\"Gemeinsam in die Zukunft: R\u00fcckblick Parlamentarischer Abend - NINa e.V.\" \/>\n<meta property=\"og:description\" content=\"Die Norddeutsche Initiative Nanotechnologie Schleswig-Holstein (NINa SH) lud am 19.07.2017 zum interdisziplin\u00e4ren Netzwerkabend. Es herrschte unter den hochrangigen Vertretern von Politik, Wirtschaft und Forschung Einigkeit: Die Nanotechnologie ist f\u00fcr die Zukunftsf\u00e4higkeit Schleswig-Holsteins von enormer Bedeutung. Ein entscheidender Erfolgsfaktor ist die effektive Koordination der Innovationst\u00e4tigkeiten im Land. Professor Dr. Franz Faupel, Vorstandsvorsitzender der NINa SH, findet [&hellip;]\" \/>\n<meta property=\"og:url\" content=\"https:\/\/www.nina-sh.de\/?p=1482\" \/>\n<meta property=\"og:site_name\" content=\"NINa e.V.\" \/>\n<meta property=\"article:published_time\" content=\"2017-10-05T19:35:59+00:00\" \/>\n<meta property=\"article:modified_time\" content=\"2017-11-17T14:01:18+00:00\" \/>\n<meta property=\"og:image\" content=\"https:\/\/www.nina-sh.de\/wp-content\/uploads\/2017\/10\/P1000119-e1507231873785.jpg\" \/>\n\t<meta property=\"og:image:width\" content=\"1200\" \/>\n\t<meta property=\"og:image:height\" content=\"904\" \/>\n\t<meta property=\"og:image:type\" content=\"image\/jpeg\" \/>\n<meta name=\"author\" content=\"Admin\" \/>\n<meta name=\"twitter:card\" content=\"summary_large_image\" \/>\n<meta name=\"twitter:label1\" content=\"Verfasst von\" \/>\n\t<meta name=\"twitter:data1\" content=\"Admin\" \/>\n\t<meta name=\"twitter:label2\" content=\"Gesch\u00e4tzte Lesezeit\" \/>\n\t<meta name=\"twitter:data2\" content=\"1\u00a0Minute\" \/>\n<script type=\"application\/ld+json\" class=\"yoast-schema-graph\">{\"@context\":\"https:\\\/\\\/schema.org\",\"@graph\":[{\"@type\":\"Article\",\"@id\":\"https:\\\/\\\/www.nina-sh.de\\\/?p=1482#article\",\"isPartOf\":{\"@id\":\"https:\\\/\\\/www.nina-sh.de\\\/?p=1482\"},\"author\":{\"name\":\"Admin\",\"@id\":\"https:\\\/\\\/www.nina-sh.de\\\/#\\\/schema\\\/person\\\/64529707ca8a9ae251938fab01bf2a81\"},\"headline\":\"Gemeinsam in die Zukunft: R\u00fcckblick Parlamentarischer Abend\",\"datePublished\":\"2017-10-05T19:35:59+00:00\",\"dateModified\":\"2017-11-17T14:01:18+00:00\",\"mainEntityOfPage\":{\"@id\":\"https:\\\/\\\/www.nina-sh.de\\\/?p=1482\"},\"wordCount\":271,\"publisher\":{\"@id\":\"https:\\\/\\\/www.nina-sh.de\\\/#organization\"},\"image\":{\"@id\":\"https:\\\/\\\/www.nina-sh.de\\\/?p=1482#primaryimage\"},\"thumbnailUrl\":\"https:\\\/\\\/www.nina-sh.de\\\/wp-content\\\/uploads\\\/2017\\\/10\\\/P1000119-e1507231834379-1024x772.jpg\",\"articleSection\":[\"Aktuelles\",\"AktuellesHP\",\"Uncategorized\",\"Workshop\"],\"inLanguage\":\"de\"},{\"@type\":\"WebPage\",\"@id\":\"https:\\\/\\\/www.nina-sh.de\\\/?p=1482\",\"url\":\"https:\\\/\\\/www.nina-sh.de\\\/?p=1482\",\"name\":\"Gemeinsam in die Zukunft: R\u00fcckblick Parlamentarischer Abend - NINa e.V.\",\"isPartOf\":{\"@id\":\"https:\\\/\\\/www.nina-sh.de\\\/#website\"},\"primaryImageOfPage\":{\"@id\":\"https:\\\/\\\/www.nina-sh.de\\\/?p=1482#primaryimage\"},\"image\":{\"@id\":\"https:\\\/\\\/www.nina-sh.de\\\/?p=1482#primaryimage\"},\"thumbnailUrl\":\"https:\\\/\\\/www.nina-sh.de\\\/wp-content\\\/uploads\\\/2017\\\/10\\\/P1000119-e1507231834379-1024x772.jpg\",\"datePublished\":\"2017-10-05T19:35:59+00:00\",\"dateModified\":\"2017-11-17T14:01:18+00:00\",\"breadcrumb\":{\"@id\":\"https:\\\/\\\/www.nina-sh.de\\\/?p=1482#breadcrumb\"},\"inLanguage\":\"de\",\"potentialAction\":[{\"@type\":\"ReadAction\",\"target\":[\"https:\\\/\\\/www.nina-sh.de\\\/?p=1482\"]}]},{\"@type\":\"ImageObject\",\"inLanguage\":\"de\",\"@id\":\"https:\\\/\\\/www.nina-sh.de\\\/?p=1482#primaryimage\",\"url\":\"https:\\\/\\\/www.nina-sh.de\\\/wp-content\\\/uploads\\\/2017\\\/10\\\/P1000119-e1507231873785.jpg\",\"contentUrl\":\"https:\\\/\\\/www.nina-sh.de\\\/wp-content\\\/uploads\\\/2017\\\/10\\\/P1000119-e1507231873785.jpg\",\"width\":1200,\"height\":904},{\"@type\":\"BreadcrumbList\",\"@id\":\"https:\\\/\\\/www.nina-sh.de\\\/?p=1482#breadcrumb\",\"itemListElement\":[{\"@type\":\"ListItem\",\"position\":1,\"name\":\"Startseite\",\"item\":\"https:\\\/\\\/www.nina-sh.de\\\/?page_id=9\"},{\"@type\":\"ListItem\",\"position\":2,\"name\":\"Gemeinsam in die Zukunft: R\u00fcckblick Parlamentarischer Abend\"}]},{\"@type\":\"WebSite\",\"@id\":\"https:\\\/\\\/www.nina-sh.de\\\/#website\",\"url\":\"https:\\\/\\\/www.nina-sh.de\\\/\",\"name\":\"NINa e.V.\",\"description\":\"\",\"publisher\":{\"@id\":\"https:\\\/\\\/www.nina-sh.de\\\/#organization\"},\"potentialAction\":[{\"@type\":\"SearchAction\",\"target\":{\"@type\":\"EntryPoint\",\"urlTemplate\":\"https:\\\/\\\/www.nina-sh.de\\\/?s={search_term_string}\"},\"query-input\":{\"@type\":\"PropertyValueSpecification\",\"valueRequired\":true,\"valueName\":\"search_term_string\"}}],\"inLanguage\":\"de\"},{\"@type\":\"Organization\",\"@id\":\"https:\\\/\\\/www.nina-sh.de\\\/#organization\",\"name\":\"NINa e.V.\",\"url\":\"https:\\\/\\\/www.nina-sh.de\\\/\",\"logo\":{\"@type\":\"ImageObject\",\"inLanguage\":\"de\",\"@id\":\"https:\\\/\\\/www.nina-sh.de\\\/#\\\/schema\\\/logo\\\/image\\\/\",\"url\":\"https:\\\/\\\/www.nina-sh.de\\\/wp-content\\\/uploads\\\/2024\\\/10\\\/Logo_NINa-EU_var1-scaled.jpg\",\"contentUrl\":\"https:\\\/\\\/www.nina-sh.de\\\/wp-content\\\/uploads\\\/2024\\\/10\\\/Logo_NINa-EU_var1-scaled.jpg\",\"width\":2560,\"height\":805,\"caption\":\"NINa e.V.\"},\"image\":{\"@id\":\"https:\\\/\\\/www.nina-sh.de\\\/#\\\/schema\\\/logo\\\/image\\\/\"}},{\"@type\":\"Person\",\"@id\":\"https:\\\/\\\/www.nina-sh.de\\\/#\\\/schema\\\/person\\\/64529707ca8a9ae251938fab01bf2a81\",\"name\":\"Admin\",\"url\":\"https:\\\/\\\/www.nina-sh.de\\\/?author=1\"}]}<\/script>\n<!-- \/ Yoast SEO plugin. -->","yoast_head_json":{"title":"Gemeinsam in die Zukunft: R\u00fcckblick Parlamentarischer Abend - NINa e.V.","robots":{"index":"index","follow":"follow","max-snippet":"max-snippet:-1","max-image-preview":"max-image-preview:large","max-video-preview":"max-video-preview:-1"},"canonical":"https:\/\/www.nina-sh.de\/?p=1482","og_locale":"de_DE","og_type":"article","og_title":"Gemeinsam in die Zukunft: R\u00fcckblick Parlamentarischer Abend - NINa e.V.","og_description":"Die Norddeutsche Initiative Nanotechnologie Schleswig-Holstein (NINa SH) lud am 19.07.2017 zum interdisziplin\u00e4ren Netzwerkabend. Es herrschte unter den hochrangigen Vertretern von Politik, Wirtschaft und Forschung Einigkeit: Die Nanotechnologie ist f\u00fcr die Zukunftsf\u00e4higkeit Schleswig-Holsteins von enormer Bedeutung. Ein entscheidender Erfolgsfaktor ist die effektive Koordination der Innovationst\u00e4tigkeiten im Land. Professor Dr. Franz Faupel, Vorstandsvorsitzender der NINa SH, findet [&hellip;]","og_url":"https:\/\/www.nina-sh.de\/?p=1482","og_site_name":"NINa e.V.","article_published_time":"2017-10-05T19:35:59+00:00","article_modified_time":"2017-11-17T14:01:18+00:00","og_image":[{"width":1200,"height":904,"url":"https:\/\/www.nina-sh.de\/wp-content\/uploads\/2017\/10\/P1000119-e1507231873785.jpg","type":"image\/jpeg"}],"author":"Admin","twitter_card":"summary_large_image","twitter_misc":{"Verfasst von":"Admin","Gesch\u00e4tzte Lesezeit":"1\u00a0Minute"},"schema":{"@context":"https:\/\/schema.org","@graph":[{"@type":"Article","@id":"https:\/\/www.nina-sh.de\/?p=1482#article","isPartOf":{"@id":"https:\/\/www.nina-sh.de\/?p=1482"},"author":{"name":"Admin","@id":"https:\/\/www.nina-sh.de\/#\/schema\/person\/64529707ca8a9ae251938fab01bf2a81"},"headline":"Gemeinsam in die Zukunft: R\u00fcckblick Parlamentarischer Abend","datePublished":"2017-10-05T19:35:59+00:00","dateModified":"2017-11-17T14:01:18+00:00","mainEntityOfPage":{"@id":"https:\/\/www.nina-sh.de\/?p=1482"},"wordCount":271,"publisher":{"@id":"https:\/\/www.nina-sh.de\/#organization"},"image":{"@id":"https:\/\/www.nina-sh.de\/?p=1482#primaryimage"},"thumbnailUrl":"https:\/\/www.nina-sh.de\/wp-content\/uploads\/2017\/10\/P1000119-e1507231834379-1024x772.jpg","articleSection":["Aktuelles","AktuellesHP","Uncategorized","Workshop"],"inLanguage":"de"},{"@type":"WebPage","@id":"https:\/\/www.nina-sh.de\/?p=1482","url":"https:\/\/www.nina-sh.de\/?p=1482","name":"Gemeinsam in die Zukunft: R\u00fcckblick Parlamentarischer Abend - NINa e.V.","isPartOf":{"@id":"https:\/\/www.nina-sh.de\/#website"},"primaryImageOfPage":{"@id":"https:\/\/www.nina-sh.de\/?p=1482#primaryimage"},"image":{"@id":"https:\/\/www.nina-sh.de\/?p=1482#primaryimage"},"thumbnailUrl":"https:\/\/www.nina-sh.de\/wp-content\/uploads\/2017\/10\/P1000119-e1507231834379-1024x772.jpg","datePublished":"2017-10-05T19:35:59+00:00","dateModified":"2017-11-17T14:01:18+00:00","breadcrumb":{"@id":"https:\/\/www.nina-sh.de\/?p=1482#breadcrumb"},"inLanguage":"de","potentialAction":[{"@type":"ReadAction","target":["https:\/\/www.nina-sh.de\/?p=1482"]}]},{"@type":"ImageObject","inLanguage":"de","@id":"https:\/\/www.nina-sh.de\/?p=1482#primaryimage","url":"https:\/\/www.nina-sh.de\/wp-content\/uploads\/2017\/10\/P1000119-e1507231873785.jpg","contentUrl":"https:\/\/www.nina-sh.de\/wp-content\/uploads\/2017\/10\/P1000119-e1507231873785.jpg","width":1200,"height":904},{"@type":"BreadcrumbList","@id":"https:\/\/www.nina-sh.de\/?p=1482#breadcrumb","itemListElement":[{"@type":"ListItem","position":1,"name":"Startseite","item":"https:\/\/www.nina-sh.de\/?page_id=9"},{"@type":"ListItem","position":2,"name":"Gemeinsam in die Zukunft: R\u00fcckblick Parlamentarischer Abend"}]},{"@type":"WebSite","@id":"https:\/\/www.nina-sh.de\/#website","url":"https:\/\/www.nina-sh.de\/","name":"NINa e.V.","description":"","publisher":{"@id":"https:\/\/www.nina-sh.de\/#organization"},"potentialAction":[{"@type":"SearchAction","target":{"@type":"EntryPoint","urlTemplate":"https:\/\/www.nina-sh.de\/?s={search_term_string}"},"query-input":{"@type":"PropertyValueSpecification","valueRequired":true,"valueName":"search_term_string"}}],"inLanguage":"de"},{"@type":"Organization","@id":"https:\/\/www.nina-sh.de\/#organization","name":"NINa e.V.","url":"https:\/\/www.nina-sh.de\/","logo":{"@type":"ImageObject","inLanguage":"de","@id":"https:\/\/www.nina-sh.de\/#\/schema\/logo\/image\/","url":"https:\/\/www.nina-sh.de\/wp-content\/uploads\/2024\/10\/Logo_NINa-EU_var1-scaled.jpg","contentUrl":"https:\/\/www.nina-sh.de\/wp-content\/uploads\/2024\/10\/Logo_NINa-EU_var1-scaled.jpg","width":2560,"height":805,"caption":"NINa e.V."},"image":{"@id":"https:\/\/www.nina-sh.de\/#\/schema\/logo\/image\/"}},{"@type":"Person","@id":"https:\/\/www.nina-sh.de\/#\/schema\/person\/64529707ca8a9ae251938fab01bf2a81","name":"Admin","url":"https:\/\/www.nina-sh.de\/?author=1"}]}},"_links":{"self":[{"href":"https:\/\/www.nina-sh.de\/index.php?rest_route=\/wp\/v2\/posts\/1482","targetHints":{"allow":["GET"]}}],"collection":[{"href":"https:\/\/www.nina-sh.de\/index.php?rest_route=\/wp\/v2\/posts"}],"about":[{"href":"https:\/\/www.nina-sh.de\/index.php?rest_route=\/wp\/v2\/types\/post"}],"author":[{"embeddable":true,"href":"https:\/\/www.nina-sh.de\/index.php?rest_route=\/wp\/v2\/users\/1"}],"replies":[{"embeddable":true,"href":"https:\/\/www.nina-sh.de\/index.php?rest_route=%2Fwp%2Fv2%2Fcomments&post=1482"}],"version-history":[{"count":6,"href":"https:\/\/www.nina-sh.de\/index.php?rest_route=\/wp\/v2\/posts\/1482\/revisions"}],"predecessor-version":[{"id":1499,"href":"https:\/\/www.nina-sh.de\/index.php?rest_route=\/wp\/v2\/posts\/1482\/revisions\/1499"}],"wp:attachment":[{"href":"https:\/\/www.nina-sh.de\/index.php?rest_route=%2Fwp%2Fv2%2Fmedia&parent=1482"}],"wp:term":[{"taxonomy":"category","embeddable":true,"href":"https:\/\/www.nina-sh.de\/index.php?rest_route=%2Fwp%2Fv2%2Fcategories&post=1482"},{"taxonomy":"post_tag","embeddable":true,"href":"https:\/\/www.nina-sh.de\/index.php?rest_route=%2Fwp%2Fv2%2Ftags&post=1482"}],"curies":[{"name":"wp","href":"https:\/\/api.w.org\/{rel}","templated":true}]}}