{"id":1464,"date":"2017-07-18T05:57:36","date_gmt":"2017-07-18T05:57:36","guid":{"rendered":"http:\/\/www.nina-sh.de\/?p=1464"},"modified":"2021-10-17T14:22:42","modified_gmt":"2021-10-17T14:22:42","slug":"parlamentarischer-abend-der-nanotechnologie","status":"publish","type":"post","link":"https:\/\/www.nina-sh.de\/?p=1464","title":{"rendered":"Parlamentarischer Abend der Nanotechnologie"},"content":{"rendered":"<p><em>Die Norddeutsche Initiative Nanotechnologie Schleswig-Holstein l\u00e4dt am 19.07.2017 zum interdisziplin\u00e4ren Netzwerkabend.<\/em><\/p>\n<p>Die Nanotechnologie geh\u00f6rt weltweit zu den wichtigsten Zukunftstechnologien, deren Anwendungspotential als Querschnittstechnologie immens ist und sich auf viele Technologiefelder erstreckt. Damit Schleswig-Holstein im rauen globalen Wettbewerb zukunftsf\u00e4hig bleibt, vernetzt die Norddeutsche Initiative Nanotechnologie Schleswig-Holstein (NINa) seit 2005 Unternehmen und Forschungseinrichtungen im Bereich der Nanotechnologie aus Schleswig-Holstein untereinander und \u00fcber die Landesgrenzen hinaus.<br \/>\n\u201eGerade die Vernetzung der Akteure in Schleswig-Holstein untereinander und mit dem gesamten baltischen Raum, aber auch die Vernetzung der Nanotechnologie mit anderen Schl\u00fcsseltechnologien wie z.B. Life Sciences, maritime Wirtschaft, Leistungselektronik und erneuerbaren Energien sind essentiell f\u00fcr die langfristige technologische Entwicklung des Landes\u201c, so Prof. Dr. Franz Faupel, erster Vorsitzende der NINa.<br \/>\nAm Mittwoch, 19. Juli, ab 17 Uhr l\u00e4dt die \u201eNorddeutsche Initiative Nanotechnologie\u201c namhafte Akteure aus Forschung, Wirtschaft und Politik zum Dialog ein, um im Rahmen eines Parlamentarischen Abends im Kieler Landeshaus die Zukunft der Nanotechnologie in Schleswig-Holstein zu diskutieren.<br \/>\nWie Schleswig-Holsteins Technologie-Staatssekret\u00e4r Dr. Thilo Rohlfs im Vorfeld sagte, er\u00f6ffne die Nanotechnologie riesige Chancen f\u00fcr das Alltagsleben der Menschen \u2013 von der Energieversorgung \u00fcber die Gesundheit und Ern\u00e4hrung bis hin zu Mobilit\u00e4t und Sicherheitsfragen. \u201eDiese Technologie wird uns das Spektrum der bei der Diagnose und Behandlung von Krankheiten ebenso erweitern wie etwa neue Werkstoffe f\u00fcr eine bessere Energiespeicherung liefern\u201c, so Rohlfs.<br \/>\nBeim Parlamentarischen Abend werden nach den Worten von Rohlfs herausragende Experten einen \u00dcberblick \u00fcber die Nanotechnologie aus Sicht der Wissenschaft, der Wirtschaft und der Politik geben. Neben der Vorstellung der vielf\u00e4ltigen Anwendungsm\u00f6glichkeiten der Nanotechnologie wird auch ihre wirtschaftliche Bedeutung aus unternehmerischer Sicht er\u00f6rtert. Eine \u00dcbersicht \u00fcber die Aktivit\u00e4ten der Norddeutschen Initiative Nanotechnologie und eine Podiumsdiskussion mit Technologie-Referatsleiter Wolfgang-Dieter Glanz (Ministerium f\u00fcr Wirtschaft, Verkehr, Arbeit, Technologie und Tourismus) und Prof. Dr. Franz Faupel \u00fcber die Zukunft der Nanotechnologie in Schleswig-Holstein runden das Programm ab.<\/p>\n<p><strong>Das Wichtigste in K\u00fcrze:<\/strong><br \/>\n<strong>Was:<\/strong> Parlamentarischer Abend der Nanotechnologie<br \/>\n<strong>Datum:<\/strong> Mittwoch, 19.7.2017, 17:00 Uhr<br \/>\n<strong>Ort:<\/strong> Schleswig-Holstein Saal, Landeshaus Kiel<br \/>\n<!-- <a href=\"https:\/\/www.nina-sh.de\/?page_id=1374\" target=\"_blank\" rel=\"noopener\">Hier geht es zur Anmeldung<\/a> --><\/p>\n","protected":false},"excerpt":{"rendered":"<p>Die Norddeutsche Initiative Nanotechnologie Schleswig-Holstein l\u00e4dt am 19.07.2017 zum interdisziplin\u00e4ren Netzwerkabend. Die Nanotechnologie geh\u00f6rt weltweit zu den wichtigsten Zukunftstechnologien, deren Anwendungspotential als Querschnittstechnologie immens ist und sich auf viele Technologiefelder erstreckt. Damit Schleswig-Holstein im rauen globalen Wettbewerb zukunftsf\u00e4hig bleibt, vernetzt die Norddeutsche Initiative Nanotechnologie Schleswig-Holstein (NINa) seit 2005 Unternehmen und Forschungseinrichtungen im Bereich der Nanotechnologie [&hellip;]<\/p>\n","protected":false},"author":1,"featured_media":0,"comment_status":"closed","ping_status":"closed","sticky":false,"template":"","format":"standard","meta":{"footnotes":""},"categories":[2],"tags":[],"class_list":["post-1464","post","type-post","status-publish","format-standard","hentry","category-aktuelles"],"yoast_head":"<!-- This site is optimized with the Yoast SEO plugin v27.3 - https:\/\/yoast.com\/product\/yoast-seo-wordpress\/ -->\n<title>Parlamentarischer Abend der Nanotechnologie - NINa e.V.<\/title>\n<meta name=\"robots\" content=\"index, follow, max-snippet:-1, max-image-preview:large, max-video-preview:-1\" \/>\n<link rel=\"canonical\" href=\"https:\/\/www.nina-sh.de\/?p=1464\" \/>\n<meta property=\"og:locale\" content=\"de_DE\" \/>\n<meta property=\"og:type\" content=\"article\" \/>\n<meta property=\"og:title\" content=\"Parlamentarischer Abend der Nanotechnologie - NINa e.V.\" \/>\n<meta property=\"og:description\" content=\"Die Norddeutsche Initiative Nanotechnologie Schleswig-Holstein l\u00e4dt am 19.07.2017 zum interdisziplin\u00e4ren Netzwerkabend. Die Nanotechnologie geh\u00f6rt weltweit zu den wichtigsten Zukunftstechnologien, deren Anwendungspotential als Querschnittstechnologie immens ist und sich auf viele Technologiefelder erstreckt. Damit Schleswig-Holstein im rauen globalen Wettbewerb zukunftsf\u00e4hig bleibt, vernetzt die Norddeutsche Initiative Nanotechnologie Schleswig-Holstein (NINa) seit 2005 Unternehmen und Forschungseinrichtungen im Bereich der Nanotechnologie [&hellip;]\" \/>\n<meta property=\"og:url\" content=\"https:\/\/www.nina-sh.de\/?p=1464\" \/>\n<meta property=\"og:site_name\" content=\"NINa e.V.\" \/>\n<meta property=\"article:published_time\" content=\"2017-07-18T05:57:36+00:00\" \/>\n<meta property=\"article:modified_time\" content=\"2021-10-17T14:22:42+00:00\" \/>\n<meta name=\"author\" content=\"Admin\" \/>\n<meta name=\"twitter:card\" content=\"summary_large_image\" \/>\n<meta name=\"twitter:label1\" content=\"Verfasst von\" \/>\n\t<meta name=\"twitter:data1\" content=\"Admin\" \/>\n\t<meta name=\"twitter:label2\" content=\"Gesch\u00e4tzte Lesezeit\" \/>\n\t<meta name=\"twitter:data2\" content=\"2\u00a0Minuten\" \/>\n<script type=\"application\/ld+json\" class=\"yoast-schema-graph\">{\"@context\":\"https:\\\/\\\/schema.org\",\"@graph\":[{\"@type\":\"Article\",\"@id\":\"https:\\\/\\\/www.nina-sh.de\\\/?p=1464#article\",\"isPartOf\":{\"@id\":\"https:\\\/\\\/www.nina-sh.de\\\/?p=1464\"},\"author\":{\"name\":\"Admin\",\"@id\":\"https:\\\/\\\/www.nina-sh.de\\\/#\\\/schema\\\/person\\\/64529707ca8a9ae251938fab01bf2a81\"},\"headline\":\"Parlamentarischer Abend der Nanotechnologie\",\"datePublished\":\"2017-07-18T05:57:36+00:00\",\"dateModified\":\"2021-10-17T14:22:42+00:00\",\"mainEntityOfPage\":{\"@id\":\"https:\\\/\\\/www.nina-sh.de\\\/?p=1464\"},\"wordCount\":333,\"publisher\":{\"@id\":\"https:\\\/\\\/www.nina-sh.de\\\/#organization\"},\"articleSection\":[\"Aktuelles\"],\"inLanguage\":\"de\"},{\"@type\":\"WebPage\",\"@id\":\"https:\\\/\\\/www.nina-sh.de\\\/?p=1464\",\"url\":\"https:\\\/\\\/www.nina-sh.de\\\/?p=1464\",\"name\":\"Parlamentarischer Abend der Nanotechnologie - NINa e.V.\",\"isPartOf\":{\"@id\":\"https:\\\/\\\/www.nina-sh.de\\\/#website\"},\"datePublished\":\"2017-07-18T05:57:36+00:00\",\"dateModified\":\"2021-10-17T14:22:42+00:00\",\"breadcrumb\":{\"@id\":\"https:\\\/\\\/www.nina-sh.de\\\/?p=1464#breadcrumb\"},\"inLanguage\":\"de\",\"potentialAction\":[{\"@type\":\"ReadAction\",\"target\":[\"https:\\\/\\\/www.nina-sh.de\\\/?p=1464\"]}]},{\"@type\":\"BreadcrumbList\",\"@id\":\"https:\\\/\\\/www.nina-sh.de\\\/?p=1464#breadcrumb\",\"itemListElement\":[{\"@type\":\"ListItem\",\"position\":1,\"name\":\"Startseite\",\"item\":\"https:\\\/\\\/www.nina-sh.de\\\/?page_id=9\"},{\"@type\":\"ListItem\",\"position\":2,\"name\":\"Parlamentarischer Abend der Nanotechnologie\"}]},{\"@type\":\"WebSite\",\"@id\":\"https:\\\/\\\/www.nina-sh.de\\\/#website\",\"url\":\"https:\\\/\\\/www.nina-sh.de\\\/\",\"name\":\"NINa e.V.\",\"description\":\"\",\"publisher\":{\"@id\":\"https:\\\/\\\/www.nina-sh.de\\\/#organization\"},\"potentialAction\":[{\"@type\":\"SearchAction\",\"target\":{\"@type\":\"EntryPoint\",\"urlTemplate\":\"https:\\\/\\\/www.nina-sh.de\\\/?s={search_term_string}\"},\"query-input\":{\"@type\":\"PropertyValueSpecification\",\"valueRequired\":true,\"valueName\":\"search_term_string\"}}],\"inLanguage\":\"de\"},{\"@type\":\"Organization\",\"@id\":\"https:\\\/\\\/www.nina-sh.de\\\/#organization\",\"name\":\"NINa e.V.\",\"url\":\"https:\\\/\\\/www.nina-sh.de\\\/\",\"logo\":{\"@type\":\"ImageObject\",\"inLanguage\":\"de\",\"@id\":\"https:\\\/\\\/www.nina-sh.de\\\/#\\\/schema\\\/logo\\\/image\\\/\",\"url\":\"https:\\\/\\\/www.nina-sh.de\\\/wp-content\\\/uploads\\\/2024\\\/10\\\/Logo_NINa-EU_var1-scaled.jpg\",\"contentUrl\":\"https:\\\/\\\/www.nina-sh.de\\\/wp-content\\\/uploads\\\/2024\\\/10\\\/Logo_NINa-EU_var1-scaled.jpg\",\"width\":2560,\"height\":805,\"caption\":\"NINa e.V.\"},\"image\":{\"@id\":\"https:\\\/\\\/www.nina-sh.de\\\/#\\\/schema\\\/logo\\\/image\\\/\"}},{\"@type\":\"Person\",\"@id\":\"https:\\\/\\\/www.nina-sh.de\\\/#\\\/schema\\\/person\\\/64529707ca8a9ae251938fab01bf2a81\",\"name\":\"Admin\",\"url\":\"https:\\\/\\\/www.nina-sh.de\\\/?author=1\"}]}<\/script>\n<!-- \/ Yoast SEO plugin. -->","yoast_head_json":{"title":"Parlamentarischer Abend der Nanotechnologie - NINa e.V.","robots":{"index":"index","follow":"follow","max-snippet":"max-snippet:-1","max-image-preview":"max-image-preview:large","max-video-preview":"max-video-preview:-1"},"canonical":"https:\/\/www.nina-sh.de\/?p=1464","og_locale":"de_DE","og_type":"article","og_title":"Parlamentarischer Abend der Nanotechnologie - NINa e.V.","og_description":"Die Norddeutsche Initiative Nanotechnologie Schleswig-Holstein l\u00e4dt am 19.07.2017 zum interdisziplin\u00e4ren Netzwerkabend. Die Nanotechnologie geh\u00f6rt weltweit zu den wichtigsten Zukunftstechnologien, deren Anwendungspotential als Querschnittstechnologie immens ist und sich auf viele Technologiefelder erstreckt. Damit Schleswig-Holstein im rauen globalen Wettbewerb zukunftsf\u00e4hig bleibt, vernetzt die Norddeutsche Initiative Nanotechnologie Schleswig-Holstein (NINa) seit 2005 Unternehmen und Forschungseinrichtungen im Bereich der Nanotechnologie [&hellip;]","og_url":"https:\/\/www.nina-sh.de\/?p=1464","og_site_name":"NINa e.V.","article_published_time":"2017-07-18T05:57:36+00:00","article_modified_time":"2021-10-17T14:22:42+00:00","author":"Admin","twitter_card":"summary_large_image","twitter_misc":{"Verfasst von":"Admin","Gesch\u00e4tzte Lesezeit":"2\u00a0Minuten"},"schema":{"@context":"https:\/\/schema.org","@graph":[{"@type":"Article","@id":"https:\/\/www.nina-sh.de\/?p=1464#article","isPartOf":{"@id":"https:\/\/www.nina-sh.de\/?p=1464"},"author":{"name":"Admin","@id":"https:\/\/www.nina-sh.de\/#\/schema\/person\/64529707ca8a9ae251938fab01bf2a81"},"headline":"Parlamentarischer Abend der Nanotechnologie","datePublished":"2017-07-18T05:57:36+00:00","dateModified":"2021-10-17T14:22:42+00:00","mainEntityOfPage":{"@id":"https:\/\/www.nina-sh.de\/?p=1464"},"wordCount":333,"publisher":{"@id":"https:\/\/www.nina-sh.de\/#organization"},"articleSection":["Aktuelles"],"inLanguage":"de"},{"@type":"WebPage","@id":"https:\/\/www.nina-sh.de\/?p=1464","url":"https:\/\/www.nina-sh.de\/?p=1464","name":"Parlamentarischer Abend der Nanotechnologie - NINa e.V.","isPartOf":{"@id":"https:\/\/www.nina-sh.de\/#website"},"datePublished":"2017-07-18T05:57:36+00:00","dateModified":"2021-10-17T14:22:42+00:00","breadcrumb":{"@id":"https:\/\/www.nina-sh.de\/?p=1464#breadcrumb"},"inLanguage":"de","potentialAction":[{"@type":"ReadAction","target":["https:\/\/www.nina-sh.de\/?p=1464"]}]},{"@type":"BreadcrumbList","@id":"https:\/\/www.nina-sh.de\/?p=1464#breadcrumb","itemListElement":[{"@type":"ListItem","position":1,"name":"Startseite","item":"https:\/\/www.nina-sh.de\/?page_id=9"},{"@type":"ListItem","position":2,"name":"Parlamentarischer Abend der Nanotechnologie"}]},{"@type":"WebSite","@id":"https:\/\/www.nina-sh.de\/#website","url":"https:\/\/www.nina-sh.de\/","name":"NINa e.V.","description":"","publisher":{"@id":"https:\/\/www.nina-sh.de\/#organization"},"potentialAction":[{"@type":"SearchAction","target":{"@type":"EntryPoint","urlTemplate":"https:\/\/www.nina-sh.de\/?s={search_term_string}"},"query-input":{"@type":"PropertyValueSpecification","valueRequired":true,"valueName":"search_term_string"}}],"inLanguage":"de"},{"@type":"Organization","@id":"https:\/\/www.nina-sh.de\/#organization","name":"NINa e.V.","url":"https:\/\/www.nina-sh.de\/","logo":{"@type":"ImageObject","inLanguage":"de","@id":"https:\/\/www.nina-sh.de\/#\/schema\/logo\/image\/","url":"https:\/\/www.nina-sh.de\/wp-content\/uploads\/2024\/10\/Logo_NINa-EU_var1-scaled.jpg","contentUrl":"https:\/\/www.nina-sh.de\/wp-content\/uploads\/2024\/10\/Logo_NINa-EU_var1-scaled.jpg","width":2560,"height":805,"caption":"NINa e.V."},"image":{"@id":"https:\/\/www.nina-sh.de\/#\/schema\/logo\/image\/"}},{"@type":"Person","@id":"https:\/\/www.nina-sh.de\/#\/schema\/person\/64529707ca8a9ae251938fab01bf2a81","name":"Admin","url":"https:\/\/www.nina-sh.de\/?author=1"}]}},"_links":{"self":[{"href":"https:\/\/www.nina-sh.de\/index.php?rest_route=\/wp\/v2\/posts\/1464","targetHints":{"allow":["GET"]}}],"collection":[{"href":"https:\/\/www.nina-sh.de\/index.php?rest_route=\/wp\/v2\/posts"}],"about":[{"href":"https:\/\/www.nina-sh.de\/index.php?rest_route=\/wp\/v2\/types\/post"}],"author":[{"embeddable":true,"href":"https:\/\/www.nina-sh.de\/index.php?rest_route=\/wp\/v2\/users\/1"}],"replies":[{"embeddable":true,"href":"https:\/\/www.nina-sh.de\/index.php?rest_route=%2Fwp%2Fv2%2Fcomments&post=1464"}],"version-history":[{"count":5,"href":"https:\/\/www.nina-sh.de\/index.php?rest_route=\/wp\/v2\/posts\/1464\/revisions"}],"predecessor-version":[{"id":3592,"href":"https:\/\/www.nina-sh.de\/index.php?rest_route=\/wp\/v2\/posts\/1464\/revisions\/3592"}],"wp:attachment":[{"href":"https:\/\/www.nina-sh.de\/index.php?rest_route=%2Fwp%2Fv2%2Fmedia&parent=1464"}],"wp:term":[{"taxonomy":"category","embeddable":true,"href":"https:\/\/www.nina-sh.de\/index.php?rest_route=%2Fwp%2Fv2%2Fcategories&post=1464"},{"taxonomy":"post_tag","embeddable":true,"href":"https:\/\/www.nina-sh.de\/index.php?rest_route=%2Fwp%2Fv2%2Ftags&post=1464"}],"curies":[{"name":"wp","href":"https:\/\/api.w.org\/{rel}","templated":true}]}}