{"id":1358,"date":"2017-02-27T19:18:20","date_gmt":"2017-02-27T19:18:20","guid":{"rendered":"http:\/\/www.nina-sh.de\/?p=1358"},"modified":"2017-09-15T13:33:10","modified_gmt":"2017-09-15T13:33:10","slug":"ankuendigung-parlamentarischer-abend","status":"publish","type":"post","link":"https:\/\/www.nina-sh.de\/?p=1358","title":{"rendered":"Ank\u00fcndigung: Parlamentarischer Abend"},"content":{"rendered":"<p><em>Am 19. Juli 2017 l\u00e4dt NINa SH im Rahmen eines parlamentarischen Abends zum Dialog zwischen Politik und den regionalen Akteuren der Nanotechnologie.<\/em><br \/>\n<!--more--><\/p>\n<p>Sehr geehrte Damen und Herren, sehr geehrte Mitglieder,<\/p>\n<p>die Norddeutsche Initiative Nanotechnologie konnte durch ihre zahlreichen Aktivit\u00e4ten die Nanotechnologie in Schleswig-Holstein st\u00e4rken und mit anderen Schl\u00fcsseltechnologien vernetzen. Nun m\u00f6chten wir Ihnen die M\u00f6glichkeit bieten, im Rahmen eines Parlamentarischen Abends im Kieler Landeshaus gemeinsam mit Vertretern der Politik in den Dialog zu treten.<\/p>\n<p><a href=\"https:\/\/www.nina-sh.de\/?page_id=1374\" target=\"_blank\">Bitte melden Sie sich hier kostenfrei zum parlamentarischen Abend an.<\/a><\/p>\n<p style=\"text-align: center;\">&#8222;Nanotechnologie in Schleswig-Holstein:<\/p>\n<p style=\"text-align: center;\">Wissenschaft, Wirtschaft, Zukunft&#8220;<\/p>\n<p style=\"text-align: center;\">am 19.07.2017,<\/p>\n<p style=\"text-align: center;\">18.00 Uhr bis ca. 21.30 Uhr<\/p>\n<p>im Schleswig-Holstein Saal des Landeshauses Kiel, D\u00fcsternbrooker Weg 70, 24105 Kiel<\/p>\n<p><span style=\"color:#cc4800\"> &#9654;<\/span> <a href=\"https:\/\/www.nina-sh.de\/wp-content\/uploads\/2017\/06\/Einladung-Parlamentarischer-Abend-NINa-SH.pdf\" title=\"Einladung\" target=\"_blank\">Download des Veranstaltungsprogramms als Pdf<\/a>.<\/p>\n<p>Wir hoffen auf ein zahlreiches Erscheinen, um der Bedeutung der Nanotechnologie in Schleswig-Holstein gerecht zu werden.<\/p>\n<p>[su_row]<br \/>\n[su_column size=&#8220;1\/4&#8243;]<br \/>\n<strong>Datum:<\/strong><br \/>\n19. Juli 2017<br \/>\n[\/su_column]<br \/>\n[su_column size=&#8220;1\/4&#8243;]<br \/>\n<strong>Uhrzeit:<\/strong><br \/>\n18.00 bis 21.30 Uhr<br \/>\n[\/su_column]<br \/>\n[su_column size=&#8220;1\/2&#8243;]<br \/>\n<strong>Veranstaltungsort: <\/strong><br \/>\nLandeshaus Kiel<br \/>\nD\u00fcsternbrooker Weg 70<br \/>\n24105 Kiel<br \/>\n[\/su_column]<br \/>\n[\/su_row]<\/p>\n<p><!--\nAnfahrt: <a href=\"https:\/\/www.ihk-schleswig-holstein.de\/servicemarken\/ueber_uns\/vor_ort\/wegbeschreibung\/1354780\" target=\"_blank\">Wegbeschreibung<\/a> zur IHK L\u00fcbeck.\n\n<strong>Organisation:<\/strong>\n<a href=\"http:\/\/wtsh.de\/innovative-ideen-realisieren\/innovations-schwerpunkte\/\" target=\"_blank\">WTSH GmbH:<\/a> J. Bergmann\n\n<a href=\"https:\/\/www.nina-sh.de\/?page_id=954\" target=\"_blank\">NINa SH e.V.:<\/a> Dr. C. Ohrt\n\n<a href=\"http:\/\/www.tf.uni-kiel.de\/matwis\/matv\/index.php \" target=\"_blank\">Lehrstuhl f\u00fcr Materialverbunde, CAU Kiel:<\/a> Prof. Dr. F. Faupel\n--><\/p>\n","protected":false},"excerpt":{"rendered":"<p>Am 19. Juli 2017 l\u00e4dt NINa SH im Rahmen eines parlamentarischen Abends zum Dialog zwischen Politik und den regionalen Akteuren der Nanotechnologie.<\/p>\n","protected":false},"author":1,"featured_media":0,"comment_status":"closed","ping_status":"closed","sticky":false,"template":"","format":"standard","meta":{"footnotes":""},"categories":[9],"tags":[],"class_list":["post-1358","post","type-post","status-publish","format-standard","hentry","category-spt"],"yoast_head":"<!-- This site is optimized with the Yoast SEO plugin v27.3 - https:\/\/yoast.com\/product\/yoast-seo-wordpress\/ -->\n<title>Ank\u00fcndigung: Parlamentarischer Abend - NINa e.V.<\/title>\n<meta name=\"robots\" content=\"index, follow, max-snippet:-1, max-image-preview:large, max-video-preview:-1\" \/>\n<link rel=\"canonical\" href=\"https:\/\/www.nina-sh.de\/?p=1358\" \/>\n<meta property=\"og:locale\" content=\"de_DE\" \/>\n<meta property=\"og:type\" content=\"article\" \/>\n<meta property=\"og:title\" content=\"Ank\u00fcndigung: Parlamentarischer Abend - NINa e.V.\" \/>\n<meta property=\"og:description\" content=\"Am 19. Juli 2017 l\u00e4dt NINa SH im Rahmen eines parlamentarischen Abends zum Dialog zwischen Politik und den regionalen Akteuren der Nanotechnologie.\" \/>\n<meta property=\"og:url\" content=\"https:\/\/www.nina-sh.de\/?p=1358\" \/>\n<meta property=\"og:site_name\" content=\"NINa e.V.\" \/>\n<meta property=\"article:published_time\" content=\"2017-02-27T19:18:20+00:00\" \/>\n<meta property=\"article:modified_time\" content=\"2017-09-15T13:33:10+00:00\" \/>\n<meta name=\"author\" content=\"Admin\" \/>\n<meta name=\"twitter:card\" content=\"summary_large_image\" \/>\n<meta name=\"twitter:label1\" content=\"Verfasst von\" \/>\n\t<meta name=\"twitter:data1\" content=\"Admin\" \/>\n\t<meta name=\"twitter:label2\" content=\"Gesch\u00e4tzte Lesezeit\" \/>\n\t<meta name=\"twitter:data2\" content=\"1\u00a0Minute\" \/>\n<script type=\"application\/ld+json\" class=\"yoast-schema-graph\">{\"@context\":\"https:\\\/\\\/schema.org\",\"@graph\":[{\"@type\":\"Article\",\"@id\":\"https:\\\/\\\/www.nina-sh.de\\\/?p=1358#article\",\"isPartOf\":{\"@id\":\"https:\\\/\\\/www.nina-sh.de\\\/?p=1358\"},\"author\":{\"name\":\"Admin\",\"@id\":\"https:\\\/\\\/www.nina-sh.de\\\/#\\\/schema\\\/person\\\/64529707ca8a9ae251938fab01bf2a81\"},\"headline\":\"Ank\u00fcndigung: Parlamentarischer Abend\",\"datePublished\":\"2017-02-27T19:18:20+00:00\",\"dateModified\":\"2017-09-15T13:33:10+00:00\",\"mainEntityOfPage\":{\"@id\":\"https:\\\/\\\/www.nina-sh.de\\\/?p=1358\"},\"wordCount\":165,\"publisher\":{\"@id\":\"https:\\\/\\\/www.nina-sh.de\\\/#organization\"},\"articleSection\":[\"Schwerpunkttreffen\"],\"inLanguage\":\"de\"},{\"@type\":\"WebPage\",\"@id\":\"https:\\\/\\\/www.nina-sh.de\\\/?p=1358\",\"url\":\"https:\\\/\\\/www.nina-sh.de\\\/?p=1358\",\"name\":\"Ank\u00fcndigung: Parlamentarischer Abend - NINa e.V.\",\"isPartOf\":{\"@id\":\"https:\\\/\\\/www.nina-sh.de\\\/#website\"},\"datePublished\":\"2017-02-27T19:18:20+00:00\",\"dateModified\":\"2017-09-15T13:33:10+00:00\",\"breadcrumb\":{\"@id\":\"https:\\\/\\\/www.nina-sh.de\\\/?p=1358#breadcrumb\"},\"inLanguage\":\"de\",\"potentialAction\":[{\"@type\":\"ReadAction\",\"target\":[\"https:\\\/\\\/www.nina-sh.de\\\/?p=1358\"]}]},{\"@type\":\"BreadcrumbList\",\"@id\":\"https:\\\/\\\/www.nina-sh.de\\\/?p=1358#breadcrumb\",\"itemListElement\":[{\"@type\":\"ListItem\",\"position\":1,\"name\":\"Startseite\",\"item\":\"https:\\\/\\\/www.nina-sh.de\\\/?page_id=9\"},{\"@type\":\"ListItem\",\"position\":2,\"name\":\"Ank\u00fcndigung: Parlamentarischer Abend\"}]},{\"@type\":\"WebSite\",\"@id\":\"https:\\\/\\\/www.nina-sh.de\\\/#website\",\"url\":\"https:\\\/\\\/www.nina-sh.de\\\/\",\"name\":\"NINa e.V.\",\"description\":\"\",\"publisher\":{\"@id\":\"https:\\\/\\\/www.nina-sh.de\\\/#organization\"},\"potentialAction\":[{\"@type\":\"SearchAction\",\"target\":{\"@type\":\"EntryPoint\",\"urlTemplate\":\"https:\\\/\\\/www.nina-sh.de\\\/?s={search_term_string}\"},\"query-input\":{\"@type\":\"PropertyValueSpecification\",\"valueRequired\":true,\"valueName\":\"search_term_string\"}}],\"inLanguage\":\"de\"},{\"@type\":\"Organization\",\"@id\":\"https:\\\/\\\/www.nina-sh.de\\\/#organization\",\"name\":\"NINa e.V.\",\"url\":\"https:\\\/\\\/www.nina-sh.de\\\/\",\"logo\":{\"@type\":\"ImageObject\",\"inLanguage\":\"de\",\"@id\":\"https:\\\/\\\/www.nina-sh.de\\\/#\\\/schema\\\/logo\\\/image\\\/\",\"url\":\"https:\\\/\\\/www.nina-sh.de\\\/wp-content\\\/uploads\\\/2024\\\/10\\\/Logo_NINa-EU_var1-scaled.jpg\",\"contentUrl\":\"https:\\\/\\\/www.nina-sh.de\\\/wp-content\\\/uploads\\\/2024\\\/10\\\/Logo_NINa-EU_var1-scaled.jpg\",\"width\":2560,\"height\":805,\"caption\":\"NINa e.V.\"},\"image\":{\"@id\":\"https:\\\/\\\/www.nina-sh.de\\\/#\\\/schema\\\/logo\\\/image\\\/\"}},{\"@type\":\"Person\",\"@id\":\"https:\\\/\\\/www.nina-sh.de\\\/#\\\/schema\\\/person\\\/64529707ca8a9ae251938fab01bf2a81\",\"name\":\"Admin\",\"url\":\"https:\\\/\\\/www.nina-sh.de\\\/?author=1\"}]}<\/script>\n<!-- \/ Yoast SEO plugin. -->","yoast_head_json":{"title":"Ank\u00fcndigung: Parlamentarischer Abend - NINa e.V.","robots":{"index":"index","follow":"follow","max-snippet":"max-snippet:-1","max-image-preview":"max-image-preview:large","max-video-preview":"max-video-preview:-1"},"canonical":"https:\/\/www.nina-sh.de\/?p=1358","og_locale":"de_DE","og_type":"article","og_title":"Ank\u00fcndigung: Parlamentarischer Abend - NINa e.V.","og_description":"Am 19. Juli 2017 l\u00e4dt NINa SH im Rahmen eines parlamentarischen Abends zum Dialog zwischen Politik und den regionalen Akteuren der Nanotechnologie.","og_url":"https:\/\/www.nina-sh.de\/?p=1358","og_site_name":"NINa e.V.","article_published_time":"2017-02-27T19:18:20+00:00","article_modified_time":"2017-09-15T13:33:10+00:00","author":"Admin","twitter_card":"summary_large_image","twitter_misc":{"Verfasst von":"Admin","Gesch\u00e4tzte Lesezeit":"1\u00a0Minute"},"schema":{"@context":"https:\/\/schema.org","@graph":[{"@type":"Article","@id":"https:\/\/www.nina-sh.de\/?p=1358#article","isPartOf":{"@id":"https:\/\/www.nina-sh.de\/?p=1358"},"author":{"name":"Admin","@id":"https:\/\/www.nina-sh.de\/#\/schema\/person\/64529707ca8a9ae251938fab01bf2a81"},"headline":"Ank\u00fcndigung: Parlamentarischer Abend","datePublished":"2017-02-27T19:18:20+00:00","dateModified":"2017-09-15T13:33:10+00:00","mainEntityOfPage":{"@id":"https:\/\/www.nina-sh.de\/?p=1358"},"wordCount":165,"publisher":{"@id":"https:\/\/www.nina-sh.de\/#organization"},"articleSection":["Schwerpunkttreffen"],"inLanguage":"de"},{"@type":"WebPage","@id":"https:\/\/www.nina-sh.de\/?p=1358","url":"https:\/\/www.nina-sh.de\/?p=1358","name":"Ank\u00fcndigung: Parlamentarischer Abend - NINa e.V.","isPartOf":{"@id":"https:\/\/www.nina-sh.de\/#website"},"datePublished":"2017-02-27T19:18:20+00:00","dateModified":"2017-09-15T13:33:10+00:00","breadcrumb":{"@id":"https:\/\/www.nina-sh.de\/?p=1358#breadcrumb"},"inLanguage":"de","potentialAction":[{"@type":"ReadAction","target":["https:\/\/www.nina-sh.de\/?p=1358"]}]},{"@type":"BreadcrumbList","@id":"https:\/\/www.nina-sh.de\/?p=1358#breadcrumb","itemListElement":[{"@type":"ListItem","position":1,"name":"Startseite","item":"https:\/\/www.nina-sh.de\/?page_id=9"},{"@type":"ListItem","position":2,"name":"Ank\u00fcndigung: Parlamentarischer Abend"}]},{"@type":"WebSite","@id":"https:\/\/www.nina-sh.de\/#website","url":"https:\/\/www.nina-sh.de\/","name":"NINa e.V.","description":"","publisher":{"@id":"https:\/\/www.nina-sh.de\/#organization"},"potentialAction":[{"@type":"SearchAction","target":{"@type":"EntryPoint","urlTemplate":"https:\/\/www.nina-sh.de\/?s={search_term_string}"},"query-input":{"@type":"PropertyValueSpecification","valueRequired":true,"valueName":"search_term_string"}}],"inLanguage":"de"},{"@type":"Organization","@id":"https:\/\/www.nina-sh.de\/#organization","name":"NINa e.V.","url":"https:\/\/www.nina-sh.de\/","logo":{"@type":"ImageObject","inLanguage":"de","@id":"https:\/\/www.nina-sh.de\/#\/schema\/logo\/image\/","url":"https:\/\/www.nina-sh.de\/wp-content\/uploads\/2024\/10\/Logo_NINa-EU_var1-scaled.jpg","contentUrl":"https:\/\/www.nina-sh.de\/wp-content\/uploads\/2024\/10\/Logo_NINa-EU_var1-scaled.jpg","width":2560,"height":805,"caption":"NINa e.V."},"image":{"@id":"https:\/\/www.nina-sh.de\/#\/schema\/logo\/image\/"}},{"@type":"Person","@id":"https:\/\/www.nina-sh.de\/#\/schema\/person\/64529707ca8a9ae251938fab01bf2a81","name":"Admin","url":"https:\/\/www.nina-sh.de\/?author=1"}]}},"_links":{"self":[{"href":"https:\/\/www.nina-sh.de\/index.php?rest_route=\/wp\/v2\/posts\/1358","targetHints":{"allow":["GET"]}}],"collection":[{"href":"https:\/\/www.nina-sh.de\/index.php?rest_route=\/wp\/v2\/posts"}],"about":[{"href":"https:\/\/www.nina-sh.de\/index.php?rest_route=\/wp\/v2\/types\/post"}],"author":[{"embeddable":true,"href":"https:\/\/www.nina-sh.de\/index.php?rest_route=\/wp\/v2\/users\/1"}],"replies":[{"embeddable":true,"href":"https:\/\/www.nina-sh.de\/index.php?rest_route=%2Fwp%2Fv2%2Fcomments&post=1358"}],"version-history":[{"count":8,"href":"https:\/\/www.nina-sh.de\/index.php?rest_route=\/wp\/v2\/posts\/1358\/revisions"}],"predecessor-version":[{"id":1477,"href":"https:\/\/www.nina-sh.de\/index.php?rest_route=\/wp\/v2\/posts\/1358\/revisions\/1477"}],"wp:attachment":[{"href":"https:\/\/www.nina-sh.de\/index.php?rest_route=%2Fwp%2Fv2%2Fmedia&parent=1358"}],"wp:term":[{"taxonomy":"category","embeddable":true,"href":"https:\/\/www.nina-sh.de\/index.php?rest_route=%2Fwp%2Fv2%2Fcategories&post=1358"},{"taxonomy":"post_tag","embeddable":true,"href":"https:\/\/www.nina-sh.de\/index.php?rest_route=%2Fwp%2Fv2%2Ftags&post=1358"}],"curies":[{"name":"wp","href":"https:\/\/api.w.org\/{rel}","templated":true}]}}